{"id":589,"global_id":"ahrenvioelfeld.de\/wordpress?id=589","global_id_lineage":["ahrenvioelfeld.de\/wordpress?id=589"],"author":"1","status":"publish","date":"2024-12-14 13:42:19","date_utc":"2024-12-14 12:42:19","modified":"2025-05-19 13:29:32","modified_utc":"2025-05-19 11:29:32","url":"https:\/\/ahrenvioelfeld.de\/wordpress\/event\/dorfflohmarkt\/","rest_url":"https:\/\/ahrenvioelfeld.de\/wordpress\/wp-json\/tribe\/events\/v1\/events\/589","title":"Der Dorfflohmarkt f\u00e4llt leider aus!!!!","description":"<p>Leider f\u00e4llt der diesj\u00e4hrige Dorfflohmarkt aufgrund mangelnder Teilnehmer aus.<\/p>","excerpt":"","slug":"dorfflohmarkt","image":{"url":"https:\/\/ahrenvioelfeld.de\/wordpress\/wp-content\/uploads\/2024\/12\/flohmarkt.jpg","id":590,"extension":"jpg","width":1920,"height":1440,"filesize":293516,"sizes":{"medium":{"width":300,"height":225,"mime-type":"image\/jpeg","filesize":17048,"url":"https:\/\/ahrenvioelfeld.de\/wordpress\/wp-content\/uploads\/2024\/12\/flohmarkt-300x225.jpg"},"large":{"width":1030,"height":773,"mime-type":"image\/jpeg","filesize":112796,"url":"https:\/\/ahrenvioelfeld.de\/wordpress\/wp-content\/uploads\/2024\/12\/flohmarkt-1030x773.jpg"},"thumbnail":{"width":80,"height":80,"mime-type":"image\/jpeg","filesize":2509,"url":"https:\/\/ahrenvioelfeld.de\/wordpress\/wp-content\/uploads\/2024\/12\/flohmarkt-80x80.jpg"},"medium_large":{"width":768,"height":576,"mime-type":"image\/jpeg","filesize":71920,"url":"https:\/\/ahrenvioelfeld.de\/wordpress\/wp-content\/uploads\/2024\/12\/flohmarkt-768x576.jpg"},"1536x1536":{"width":1536,"height":1152,"mime-type":"image\/jpeg","filesize":204335,"url":"https:\/\/ahrenvioelfeld.de\/wordpress\/wp-content\/uploads\/2024\/12\/flohmarkt-1536x1152.jpg"},"widget":{"width":36,"height":36,"mime-type":"image\/jpeg","filesize":960,"url":"https:\/\/ahrenvioelfeld.de\/wordpress\/wp-content\/uploads\/2024\/12\/flohmarkt-36x36.jpg"},"square":{"width":180,"height":180,"mime-type":"image\/jpeg","filesize":9148,"url":"https:\/\/ahrenvioelfeld.de\/wordpress\/wp-content\/uploads\/2024\/12\/flohmarkt-180x180.jpg"},"featured":{"width":1500,"height":430,"mime-type":"image\/jpeg","filesize":106387,"url":"https:\/\/ahrenvioelfeld.de\/wordpress\/wp-content\/uploads\/2024\/12\/flohmarkt-1500x430.jpg"},"featured_large":{"width":1500,"height":630,"mime-type":"image\/jpeg","filesize":141895,"url":"https:\/\/ahrenvioelfeld.de\/wordpress\/wp-content\/uploads\/2024\/12\/flohmarkt-1500x630.jpg"},"extra_large":{"width":1500,"height":1125,"mime-type":"image\/jpeg","filesize":198460,"url":"https:\/\/ahrenvioelfeld.de\/wordpress\/wp-content\/uploads\/2024\/12\/flohmarkt-1500x1125.jpg"},"portfolio":{"width":495,"height":400,"mime-type":"image\/jpeg","filesize":37992,"url":"https:\/\/ahrenvioelfeld.de\/wordpress\/wp-content\/uploads\/2024\/12\/flohmarkt-495x400.jpg"},"portfolio_small":{"width":260,"height":185,"mime-type":"image\/jpeg","filesize":13157,"url":"https:\/\/ahrenvioelfeld.de\/wordpress\/wp-content\/uploads\/2024\/12\/flohmarkt-260x185.jpg"},"gallery":{"width":845,"height":684,"mime-type":"image\/jpeg","filesize":86520,"url":"https:\/\/ahrenvioelfeld.de\/wordpress\/wp-content\/uploads\/2024\/12\/flohmarkt-845x684.jpg"},"magazine":{"width":710,"height":375,"mime-type":"image\/jpeg","filesize":52768,"url":"https:\/\/ahrenvioelfeld.de\/wordpress\/wp-content\/uploads\/2024\/12\/flohmarkt-710x375.jpg"},"masonry":{"width":705,"height":529,"mime-type":"image\/jpeg","filesize":63825,"url":"https:\/\/ahrenvioelfeld.de\/wordpress\/wp-content\/uploads\/2024\/12\/flohmarkt-705x529.jpg"},"entry_with_sidebar":{"width":845,"height":321,"mime-type":"image\/jpeg","filesize":55698,"url":"https:\/\/ahrenvioelfeld.de\/wordpress\/wp-content\/uploads\/2024\/12\/flohmarkt-845x321.jpg"},"entry_without_sidebar":{"width":1210,"height":423,"mime-type":"image\/jpeg","filesize":90678,"url":"https:\/\/ahrenvioelfeld.de\/wordpress\/wp-content\/uploads\/2024\/12\/flohmarkt-1210x423.jpg"}}},"all_day":false,"start_date":"2025-06-01 10:00:00","start_date_details":{"year":"2025","month":"06","day":"01","hour":"10","minutes":"00","seconds":"00"},"end_date":"2025-06-01 16:00:00","end_date_details":{"year":"2025","month":"06","day":"01","hour":"16","minutes":"00","seconds":"00"},"utc_start_date":"2025-06-01 08:00:00","utc_start_date_details":{"year":"2025","month":"06","day":"01","hour":"08","minutes":"00","seconds":"00"},"utc_end_date":"2025-06-01 14:00:00","utc_end_date_details":{"year":"2025","month":"06","day":"01","hour":"14","minutes":"00","seconds":"00"},"timezone":"Europe\/Berlin","timezone_abbr":"CEST","cost":"","cost_details":{"currency_symbol":"\u20ac","currency_code":"EUR","currency_position":"prefix","values":[]},"website":"","show_map":false,"show_map_link":false,"hide_from_listings":false,"sticky":false,"featured":false,"categories":[],"tags":[],"venue":{"id":591,"author":"1","status":"publish","date":"2024-12-14 13:41:54","date_utc":"0000-00-00 00:00:00","modified":"2024-12-14 13:41:54","modified_utc":"0000-00-00 00:00:00","url":"https:\/\/ahrenvioelfeld.de\/wordpress\/veranstaltungsort\/ahrenvioelfeld\/","venue":"Ahrenvi\u00f6lfeld","slug":"ahrenvioelfeld","json_ld":{"@type":"Place","name":"Ahrenvi\u00f6lfeld","description":"","url":"","address":{"@type":"PostalAddress"},"telephone":"","sameAs":""},"show_map":false,"show_map_link":false,"global_id":"ahrenvioelfeld.de\/wordpress?id=591","global_id_lineage":["ahrenvioelfeld.de\/wordpress?id=591"]},"organizer":[{"id":287,"author":"1","status":"publish","date":"2024-12-05 15:39:06","date_utc":"0000-00-00 00:00:00","modified":"2024-12-05 15:39:06","modified_utc":"0000-00-00 00:00:00","url":"https:\/\/ahrenvioelfeld.de\/wordpress\/veranstalter\/gemeinde-ahrenvioelfeld\/","organizer":"Gemeinde Ahrenvi\u00f6lfeld","slug":"gemeinde-ahrenvioelfeld","json_ld":{"@type":"Person","name":"Gemeinde Ahrenvi\u00f6lfeld","description":"","url":"","telephone":"","email":"","sameAs":""},"global_id":"ahrenvioelfeld.de\/wordpress?id=287","global_id_lineage":["ahrenvioelfeld.de\/wordpress?id=287"]}],"custom_fields":[],"json_ld":{"@context":"http:\/\/schema.org","@type":"Event","name":"Der Dorfflohmarkt f\u00e4llt leider aus!!!!","description":"&lt;p&gt;Leider f\u00e4llt der diesj\u00e4hrige Dorfflohmarkt aufgrund mangelnder Teilnehmer aus.&lt;\/p&gt;\\n","image":"https:\/\/ahrenvioelfeld.de\/wordpress\/wp-content\/uploads\/2024\/12\/flohmarkt.jpg","url":"https:\/\/ahrenvioelfeld.de\/wordpress\/event\/dorfflohmarkt\/","eventAttendanceMode":"https:\/\/schema.org\/OfflineEventAttendanceMode","eventStatus":"https:\/\/schema.org\/EventScheduled","startDate":"2025-06-01T10:00:00+02:00","endDate":"2025-06-01T16:00:00+02:00","location":{"@type":"Place","name":"Ahrenvi\u00f6lfeld","description":"","url":"","address":{"@type":"PostalAddress"},"telephone":"","sameAs":""},"organizer":{"@type":"Person","name":"Gemeinde Ahrenvi\u00f6lfeld","description":"","url":"","telephone":"","email":"","sameAs":""},"performer":"Organization"}}